{"id":288,"date":"2021-04-20T10:23:33","date_gmt":"2021-04-20T10:23:33","guid":{"rendered":"http:\/\/ipt-fiber.pl\/?p=288"},"modified":"2021-07-09T12:55:57","modified_gmt":"2021-07-09T12:55:57","slug":"nowy-prezes-ipt-fiber","status":"publish","type":"post","link":"https:\/\/ipt-fiber.pl\/index.php\/2021\/04\/20\/nowy-prezes-ipt-fiber\/","title":{"rendered":"Nowy prezes IPT Fiber. Krzysztof Wito\u0144 pokieruje wdro\u017ceniem polskich \u015bwiat\u0142owod\u00f3w wielordzeniowych"},"content":{"rendered":"\n<p><strong>Krzysztof Wito\u0144, wielokrotnie nagradzany menad\u017cer oraz ekspert w dziedzinie sieci szerokopasmowych, stan\u0105\u0142 na czele IPT Fiber &#8211; sp\u00f3\u0142ki nale\u017c\u0105cej do grupy InPhoTech. Pokieruje procesem uruchomienia produkcji unikatowych w skali \u015bwiatowej polskich \u015bwiat\u0142owod\u00f3w wielordzeniowych.<\/strong><\/p>\n\n\n\n<figure class=\"wp-block-image size-large\"><img loading=\"lazy\" decoding=\"async\" width=\"921\" height=\"1024\" src=\"http:\/\/ipt-fiber.pl\/wp-content\/uploads\/2021\/04\/KWito\u01442-921x1024.jpg\" alt=\"\" class=\"wp-image-289\" srcset=\"https:\/\/ipt-fiber.pl\/wp-content\/uploads\/2021\/04\/KWito\u01442-921x1024.jpg 921w, https:\/\/ipt-fiber.pl\/wp-content\/uploads\/2021\/04\/KWito\u01442-270x300.jpg 270w, https:\/\/ipt-fiber.pl\/wp-content\/uploads\/2021\/04\/KWito\u01442-768x854.jpg 768w, https:\/\/ipt-fiber.pl\/wp-content\/uploads\/2021\/04\/KWito\u01442.jpg 1029w\" sizes=\"auto, (max-width: 921px) 100vw, 921px\" \/><figcaption>Krzysztof Wito\u0144, nowy prezes zarz\u0105du sp\u00f3\u0142ki IPT Fiber <\/figcaption><\/figure>\n\n\n\n<p>Krzysztof Wito\u0144,w przesz\u0142o\u015bci m.in.: prezes Hawe oraz pe\u0142nomocnik zarz\u0105du Orange Polska (odpowiedzialny &nbsp;za realizacj\u0119 projekt\u00f3w Sieci Szerokopasmowej o warto\u015bci ponad 1,2 mld z\u0142otych)z dniem 20. kwietnia 2021 roku zosta\u0142 powo\u0142any do pe\u0142nienia funkcji prezesa zarz\u0105du sp\u00f3\u0142ki IPT Fiber. Za\u0142o\u017cona w 2017 roku sp\u00f3\u0142ka powsta\u0142a w celu wdro\u017cenia do produkcji masowej innowacyjnych \u015bwiat\u0142owod\u00f3w nowej generacji, opracowanych i opatentowanych przez badaczy i in\u017cynier\u00f3w z grupy InPhoTech. Grupa InPhoTech opracowuje, rozwija i komercjalizuje rozwi\u0105zania oparte na unikatowej polskiej technologii \u015bwiat\u0142owodowej, zapocz\u0105tkowanej w po\u0142owie lat siedemdziesi\u0105tych XX wieku przez lubelskich naukowc\u00f3w z Uniwersytetu Marii Curie-Sk\u0142odowskiej.<\/p>\n\n\n\n<p>\u201eTo wielki zaszczyt, \u017ce uda\u0142o nam si\u0119 zaprosi\u0107 do wsp\u00f3\u0142pracy tak do\u015bwiadczonego menad\u017cera jak Krzysztof. Jestem g\u0142\u0119boko przekonany, \u017ce jego wieloletnie do\u015bwiadczenie w sektorze medi\u00f3w i telekomunikacji, dog\u0142\u0119bna znajomo\u015b\u0107 \u015bwiatowego i lokalnego rynku us\u0142ugodawc\u00f3w, producent\u00f3w i klient\u00f3w rozwi\u0105za\u0144 FTTx, z optymizmem pozwalaj\u0105 nam patrze\u0107 na dalszy rozw\u00f3j IPT Fiber w zakresie poszerzania portfolio innowacyjnych produkt\u00f3w \u015bwiat\u0142owodowych, uruchomienia ich produkcji w naszym nowym obiekcie produkcyjno-badawczo-rozwojowym w Lubartowie i ich bezzw\u0142ocznej komercjalizacji \u2013 i to nie tylko w Polsce!\u201d \u2013 m\u00f3wi dr hab. in\u017c. Tomasz Nasi\u0142owski, za\u0142o\u017cyciel grupy InPhoTech i prezes zarz\u0105du sp\u00f3\u0142ki InPhoTech.<\/p>\n\n\n\n<figure class=\"wp-block-image size-large\"><img loading=\"lazy\" decoding=\"async\" width=\"1024\" height=\"576\" src=\"http:\/\/ipt-fiber.pl\/wp-content\/uploads\/2021\/04\/KWito\u0144-TNasi\u0142owski2-1024x576.jpg\" alt=\"\" class=\"wp-image-290\" srcset=\"https:\/\/ipt-fiber.pl\/wp-content\/uploads\/2021\/04\/KWito\u0144-TNasi\u0142owski2-1024x576.jpg 1024w, https:\/\/ipt-fiber.pl\/wp-content\/uploads\/2021\/04\/KWito\u0144-TNasi\u0142owski2-300x169.jpg 300w, https:\/\/ipt-fiber.pl\/wp-content\/uploads\/2021\/04\/KWito\u0144-TNasi\u0142owski2-768x432.jpg 768w, https:\/\/ipt-fiber.pl\/wp-content\/uploads\/2021\/04\/KWito\u0144-TNasi\u0142owski2-1536x864.jpg 1536w, https:\/\/ipt-fiber.pl\/wp-content\/uploads\/2021\/04\/KWito\u0144-TNasi\u0142owski2-2048x1152.jpg 2048w\" sizes=\"auto, (max-width: 1024px) 100vw, 1024px\" \/><figcaption>Krzysztof Wito\u0144 (z lewej strony), nowy prezes zarz\u0105du sp\u00f3\u0142ki IPT Fiber i Tomasz Nasi\u0142owski, prezes zarz\u0105du sp\u00f3\u0142ki InPhoTech i za\u0142o\u017cyciel grupy InPhoTech<\/figcaption><\/figure>\n\n\n\n<p>Pierwsz\u0105 du\u017c\u0105 inwestycj\u0105 sp\u00f3\u0142ki IPT Fiber b\u0119dzie budowa i uruchomienie na terenie Lubartowskiej Strefy Gospodarczej na Lubelszczy\u017anie nowoczesnego Centrum Badawczo-Rozwojowego, w kt\u00f3rym wytwarzane b\u0119d\u0105 m.in. polskie \u015bwiat\u0142owody wielordzeniowe.<\/p>\n\n\n\n<p>\u201eHistoria zmian cywilizacyjnych, spo\u0142ecznych i gospodarczych nabra\u0142a przyspieszenia, a my si\u0119 w ni\u0105 doskonale wpisujemy, jeste\u015bmy gotowi godnie stawi\u0107 czo\u0142a najwi\u0119kszym \u015bwiatowym graczom! Zdecydowanie chc\u0119, \u017ceby osi\u0105gni\u0119cia IPT Fiber i polska my\u015bl technologiczna by\u0142y tym, co nas wyr\u00f3\u017cnia \u2013rozpoznawalnymi znakami na mapie niezbywalnej infrastruktury XXI wieku! Dzi\u0119kuj\u0119 za ogromne zaufanie, kt\u00f3rym obdarzy\u0142 mnie profesor Tomasz Nasi\u0142owski \u2013 powiedzia\u0142 Krzysztof Wito\u0144, nowy prezes zarz\u0105du sp\u00f3\u0142ki IPT Fiber.<\/p>\n\n\n\n<p>Krzysztof Wito\u0144 od lat z sukcesami zwi\u0105zany jest z bran\u017c\u0105 telekomunikacyjn\u0105. W latach 2018-2020 doradca Infinera Corporation &#8211; \u015bwiatowego lidera najnowocze\u015bniejszych rozwi\u0105za\u0144 telekomunikacyjnych. Zrealizowane kontrakty obejmuj\u0105 m.in. sektor obronny w wybranych w krajach NATO w UE. Od 2015 do 2018 wsp\u00f3\u0142pracowa\u0142 z Huawei, wspieraj\u0105c firm\u0119 przy dostarczaniu rozwi\u0105za\u0144 szerokopasmowych w ramach Programu Operacyjnego Polska Cyfrowa oraz tworz\u0105c sp\u00f3\u0142k\u0119 konsoliduj\u0105c\u0105 us\u0142ugi jej utrzymania. Od 2013 do 2014 prezes Grupy Hawe \u2013 stworzy\u0142 m.in. koncepcj\u0119 pierwszego w Polsce operatora dostarczaj\u0105cego rozwi\u0105zania \u015bwiat\u0142owodowe w modelu hurtowym, buduj\u0105c sieci szerokopasmowe w wojew\u00f3dztwie warmi\u0144sko-mazurskim oraz podkarpackim. W latach 2007-2013 pe\u0142nomocnik zarz\u0105du Orange Polska (dawniej Telekomunikacja Polska), odpowiedzialny za uzyskanie finansowania i realizacj\u0119 pierwszych w Polsce projekt\u00f3w budowy sieci szerokopasmowych w ramach funduszy UE w wojew\u00f3dztwie lubuskim i pomorskim oraz powo\u0142anie nowatorskiej formu\u0142y Otwartej Platformy Inwestycyjnej. W latach 2005-2007 pracowa\u0142 jako wiceprezes ukrai\u0144skiego operatora telekomunikacyjnego UMC (obecnie Vodafone Ukraine), odpowiadaj\u0105c za rozw\u00f3j us\u0142ug hurtowych. Wcze\u015bniej wiceprezes lub prezes sp\u00f3\u0142ek telekomunikacyjnych w Grupie PSE (NOM, Tel-Energo, Telbank i Exatel) w kt\u00f3rych rozwija\u0142 i konsolidowa\u0142 sieci transmisji danych oraz wprowadza\u0142 alternatywne us\u0142ugi telekomunikacyjne. W latach 1983-1995 pracownik Radia Wolna Europa w Nowym Jorku i Monachium, w tym dyrektor dzia\u0142u administracji i realizacji polskiej sekcji RWE, odpowiadaj\u0105cy m.in. za parametry transmisji oraz realizacj\u0119 przekaz\u00f3w na \u017cywo. Rzecznik prasowy Zwi\u0105zku Zawodowego \u201eSolidarno\u015b\u0107\u201d w latach 1980-1982. Wieloletni cz\u0142onek Rady Programowej Forum Ekonomicznego w Krynicy, laureat licznych nagr\u00f3d i wyr\u00f3\u017cnie\u0144 biznesowych. Uko\u0144czy\u0142 studia w zakresie zarz\u0105dzania na Uniwersytecie Maryland w Stanach Zjednoczonych. Prywatnie m\u0105\u017c i spe\u0142niony ojciec trzech c\u00f3rek oraz dziadek sze\u015bciorga wnucz\u0105t.<\/p>\n","protected":false},"excerpt":{"rendered":"<p>Krzysztof Wito\u0144, wielokrotnie nagradzany menad\u017cer oraz ekspert w dziedzinie sieci szerokopasmowych, stan\u0105\u0142 na czele IPT Fiber &#8211; sp\u00f3\u0142ki nale\u017c\u0105cej do grupy InPhoTech. Pokieruje procesem uruchomienia&hellip;<\/p>\n","protected":false},"author":1,"featured_media":291,"comment_status":"open","ping_status":"open","sticky":false,"template":"","format":"standard","meta":{"footnotes":""},"categories":[43],"tags":[],"class_list":["post-288","post","type-post","status-publish","format-standard","has-post-thumbnail","hentry","category-newspl"],"_links":{"self":[{"href":"https:\/\/ipt-fiber.pl\/index.php\/wp-json\/wp\/v2\/posts\/288","targetHints":{"allow":["GET"]}}],"collection":[{"href":"https:\/\/ipt-fiber.pl\/index.php\/wp-json\/wp\/v2\/posts"}],"about":[{"href":"https:\/\/ipt-fiber.pl\/index.php\/wp-json\/wp\/v2\/types\/post"}],"author":[{"embeddable":true,"href":"https:\/\/ipt-fiber.pl\/index.php\/wp-json\/wp\/v2\/users\/1"}],"replies":[{"embeddable":true,"href":"https:\/\/ipt-fiber.pl\/index.php\/wp-json\/wp\/v2\/comments?post=288"}],"version-history":[{"count":3,"href":"https:\/\/ipt-fiber.pl\/index.php\/wp-json\/wp\/v2\/posts\/288\/revisions"}],"predecessor-version":[{"id":302,"href":"https:\/\/ipt-fiber.pl\/index.php\/wp-json\/wp\/v2\/posts\/288\/revisions\/302"}],"wp:featuredmedia":[{"embeddable":true,"href":"https:\/\/ipt-fiber.pl\/index.php\/wp-json\/wp\/v2\/media\/291"}],"wp:attachment":[{"href":"https:\/\/ipt-fiber.pl\/index.php\/wp-json\/wp\/v2\/media?parent=288"}],"wp:term":[{"taxonomy":"category","embeddable":true,"href":"https:\/\/ipt-fiber.pl\/index.php\/wp-json\/wp\/v2\/categories?post=288"},{"taxonomy":"post_tag","embeddable":true,"href":"https:\/\/ipt-fiber.pl\/index.php\/wp-json\/wp\/v2\/tags?post=288"}],"curies":[{"name":"wp","href":"https:\/\/api.w.org\/{rel}","templated":true}]}}